{"id":5067,"date":"2018-06-23T16:08:10","date_gmt":"2018-06-23T14:08:10","guid":{"rendered":"http:\/\/le-gout-des-autres.net\/WordPress3\/?p=5067"},"modified":"2018-06-23T17:41:48","modified_gmt":"2018-06-23T15:41:48","slug":"des-degats-pour-les-epices-du-volvestre","status":"publish","type":"post","link":"https:\/\/le-gout-des-autres.net\/WordPress3\/2018\/06\/des-degats-pour-les-epices-du-volvestre\/","title":{"rendered":"Des d\u00e9g\u00e2ts pour les Epices du Volvestre"},"content":{"rendered":"<p><img loading=\"lazy\" decoding=\"async\" class=\"alignleft size-full wp-image-5068\" src=\"http:\/\/le-gout-des-autres.net\/WordPress3\/wp-content\/uploads\/2018\/06\/35188978_2195330447361582_5049485890473164800_n.jpg\" alt=\"\" width=\"474\" height=\"266\" srcset=\"https:\/\/le-gout-des-autres.net\/WordPress3\/wp-content\/uploads\/2018\/06\/35188978_2195330447361582_5049485890473164800_n.jpg 474w, https:\/\/le-gout-des-autres.net\/WordPress3\/wp-content\/uploads\/2018\/06\/35188978_2195330447361582_5049485890473164800_n-300x168.jpg 300w\" sizes=\"auto, (max-width: 474px) 100vw, 474px\" \/><strong>St\u00e9phanie et Fabrice<\/strong>, des Epices de Volvestre, nos producteurs d&rsquo;\u00e9pices, safran, ail, \u00e9chalotes&#8230; ont publi\u00e9 sur leur page Facebook un article (<a href=\"https:\/\/www.facebook.com\/lesepicesduvolvestre\/posts\/2195339197360707\" target=\"_blank\" rel=\"noopener\">post\u00e9 le 14 juin<\/a>) pour que les gens soient conscients des difficult\u00e9s que rencontrent cette ann\u00e9e les producteurs :<\/p>\n<p><em>Pour celles et ceux qui habitent dans le sud ouest comme nous, il ne vous aura pas \u00e9chapp\u00e9 qu&rsquo;il pleut souvent et beaucoup depuis presque 6 mois maintenant. Pour vous, c&rsquo;est un peu d\u00e9primant, \u00e7a g\u00e2che les week-ends.<br \/>\nEt pour nous, \u00e7a implique quoi ?<br \/>\n&#8211; oignons : perte quasi totale de la r\u00e9colte en raison du mildiou<br \/>\n&#8211; \u00e9chalotes : premi\u00e8res taches de mildiou \u00e9galement, elles risquent de vite pourrir<br \/>\n&#8211; ail : nous esp\u00e9rons quelques jours de beau temps tr\u00e8s prochainement pour pouvoir vite le r\u00e9colter car il risque de pourrir en terre. La situation est d\u00e9j\u00e0 limite<br \/>\n&#8211; tomates, piments, poivrons, courges : nous avons r\u00e9ussi \u00e0 tout planter, dans des conditions pas terribles (sol tr\u00e8s humide), nous craignons un peu l&rsquo;asphyxie et les attaques de champignons (mildiou et o\u00efdium)<br \/>\n&#8211; pommes de terre, elles aussi plant\u00e9es dans de mauvaises conditions : une vari\u00e9t\u00e9 se porte bien, l&rsquo;autre a en partie pourri en terre avant de germer. L\u00e0 encore, risque de mildiou<br \/>\n&#8211; safran : risque de pourriture des bulbes, nous aurons le verdict au moment de la floraison \u00e0 l&rsquo;automne<br \/>\nEn parall\u00e8le, les pluies incessantes ne nous permettent pas de d\u00e9sherber et certaines cultures sont dans la \u00ab\u00a0jungle\u00a0\u00bb.<br \/>\nBref, une ann\u00e9e qui s&rsquo;annonce tr\u00e8s difficile.<\/em><\/p>\n<p><em>Nous pensons aussi aux coll\u00e8gues c\u00e9r\u00e9aliers qui n&rsquo;ont m\u00eame pas pu travailler et semer certaines parcelles, aux coll\u00e8gues \u00e9leveurs qui n&rsquo;arrivent pas \u00e0 faire de coupe de foin&#8230;<\/em><\/p>\n<p>Depuis, il fait enfin beau, ils ont pu r\u00e9colter l&rsquo;ail en catastrophe mais ils ne savent pas s&rsquo;il va se garder&#8230;<\/p>\n<p><strong>Nous pouvons les soutenir en commandant leurs d\u00e9licieux produits pendant qu&rsquo;il est encore possible !<\/strong><\/p>\n","protected":false},"excerpt":{"rendered":"<p>St\u00e9phanie et Fabrice, des Epices de Volvestre, nos producteurs d&rsquo;\u00e9pices, safran, ail, \u00e9chalotes&#8230; ont publi\u00e9 sur leur page Facebook un article (post\u00e9 le 14 juin) pour que les gens soient conscients des difficult\u00e9s que rencontrent cette ann\u00e9e les producteurs : Pour celles et ceux qui habitent dans le sud ouest comme nous, il ne vous &#8230;<br \/><a class=\"read-more-link btn btn-outline-secondary\" href=\"https:\/\/le-gout-des-autres.net\/WordPress3\/2018\/06\/des-degats-pour-les-epices-du-volvestre\/\">Lire la suite<\/a><\/p>\n","protected":false},"author":6,"featured_media":0,"comment_status":"open","ping_status":"open","sticky":false,"template":"","format":"standard","meta":{"footnotes":""},"categories":[19],"tags":[],"class_list":["post-5067","post","type-post","status-publish","format-standard","hentry","category-actualites"],"post_mailing_queue_ids":[],"_links":{"self":[{"href":"https:\/\/le-gout-des-autres.net\/WordPress3\/wp-json\/wp\/v2\/posts\/5067","targetHints":{"allow":["GET"]}}],"collection":[{"href":"https:\/\/le-gout-des-autres.net\/WordPress3\/wp-json\/wp\/v2\/posts"}],"about":[{"href":"https:\/\/le-gout-des-autres.net\/WordPress3\/wp-json\/wp\/v2\/types\/post"}],"author":[{"embeddable":true,"href":"https:\/\/le-gout-des-autres.net\/WordPress3\/wp-json\/wp\/v2\/users\/6"}],"replies":[{"embeddable":true,"href":"https:\/\/le-gout-des-autres.net\/WordPress3\/wp-json\/wp\/v2\/comments?post=5067"}],"version-history":[{"count":2,"href":"https:\/\/le-gout-des-autres.net\/WordPress3\/wp-json\/wp\/v2\/posts\/5067\/revisions"}],"predecessor-version":[{"id":5071,"href":"https:\/\/le-gout-des-autres.net\/WordPress3\/wp-json\/wp\/v2\/posts\/5067\/revisions\/5071"}],"wp:attachment":[{"href":"https:\/\/le-gout-des-autres.net\/WordPress3\/wp-json\/wp\/v2\/media?parent=5067"}],"wp:term":[{"taxonomy":"category","embeddable":true,"href":"https:\/\/le-gout-des-autres.net\/WordPress3\/wp-json\/wp\/v2\/categories?post=5067"},{"taxonomy":"post_tag","embeddable":true,"href":"https:\/\/le-gout-des-autres.net\/WordPress3\/wp-json\/wp\/v2\/tags?post=5067"}],"curies":[{"name":"wp","href":"https:\/\/api.w.org\/{rel}","templated":true}]}}