{"id":10014,"date":"2026-09-05T11:41:38","date_gmt":"2026-09-05T09:41:38","guid":{"rendered":"https:\/\/le-gout-des-autres.net\/WordPress3\/?p=10014"},"modified":"2026-09-05T11:42:50","modified_gmt":"2026-09-05T09:42:50","slug":"commandes-ouvertes-pour-le-marche-du-22-septembre","status":"publish","type":"post","link":"https:\/\/le-gout-des-autres.net\/WordPress3\/2026\/09\/commandes-ouvertes-pour-le-marche-du-22-septembre\/","title":{"rendered":"Commandes ouvertes pour le march\u00e9 du 22 septembre"},"content":{"rendered":"\n<p class=\"wp-block-paragraph\">Le march\u00e9 trimestriel du GdA aura lieu mardi 22 septembre au Vernet (31) !<\/p>\n\n\n\n<p class=\"wp-block-paragraph\">Voici la liste des pr\u00e9-commandes ouvertes aux adh\u00e9rents de l\u2019association :<\/p>\n\n\n\n<p class=\"wp-block-paragraph\">\u2013 les <a href=\"https:\/\/docs.google.com\/spreadsheets\/d\/1lXIsy41wcIeNqjME8DQVS6IOVfP3zg8Lro3QVQuMxHs\/edit#gid=0\" target=\"_blank\" rel=\"noreferrer noopener\"><strong>confitures et gel\u00e9es de fruits rouges<\/strong><\/a> de la <strong><a href=\"http:\/\/le-gout-des-autres.net\/WordPress3\/des-petits-fruits-en-pot-ou-en-vrac\/\" target=\"_blank\" rel=\"noreferrer noopener\">ferme des Matilous<\/a><\/strong><br>\u2013 les <strong><a href=\"https:\/\/docs.google.com\/spreadsheets\/d\/1ylQ3eWFMJfCgaI_wVkPvZFYqEXNwIShynSJkXunufiU\/edit#gid=0\" target=\"_blank\" rel=\"noreferrer noopener\">tomme et crottins de ch\u00e8vre<\/a><\/strong> de la <strong><a href=\"http:\/\/le-gout-des-autres.net\/WordPress3\/tomme-qui-roule\/\" target=\"_blank\" rel=\"noreferrer noopener\">Ferme de Mond\u00e9ly<\/a><\/strong><br>\u2013 les <strong><a href=\"https:\/\/docs.google.com\/spreadsheets\/d\/1wkXhcRhljjaiG2McWVq5DCgGh0vvbreaQWAHanXk9_M\/edit#gid=0\" target=\"_blank\" rel=\"noreferrer noopener\">\u00e9pices, sauce tomate, chutney, ail et oignons&#8230;<\/a><\/strong> des <strong><a href=\"http:\/\/le-gout-des-autres.net\/WordPress3\/les-epices-du-volvestre\/\" target=\"_blank\" rel=\"noreferrer noopener\">Epices du Volvestre<\/a><\/strong><br>\u2013 les <a href=\"https:\/\/docs.google.com\/spreadsheets\/d\/19rGBl-c7q93Mv1Vy9DAViaTrEFpY6Ba_uZEwx6ZUp84\/edit#gid=0\" target=\"_blank\" rel=\"noreferrer noopener\"><strong>savons artisanaux<\/strong><\/a> et <a href=\"https:\/\/docs.google.com\/spreadsheets\/d\/19rGBl-c7q93Mv1Vy9DAViaTrEFpY6Ba_uZEwx6ZUp84\/edit#gid=0\" target=\"_blank\" rel=\"noreferrer noopener\"><strong>produits m\u00e9nagers<\/strong><\/a> de <strong><a href=\"http:\/\/le-gout-des-autres.net\/WordPress3\/les-savons-artisanaux-demilie\/\" target=\"_blank\" rel=\"noreferrer noopener\">Sabonadis<\/a><\/strong><br>\u2013 les <a href=\"https:\/\/docs.google.com\/spreadsheets\/d\/1-hxrpWqg_mvloVQgjl-7pJi-s3XKJGXE9DsBt4Eyac0\/edit#gid=0\" target=\"_blank\" rel=\"noreferrer noopener\"><strong>pizzas<\/strong><\/a> de <strong><a href=\"https:\/\/le-gout-des-autres.net\/WordPress3\/pizza-leze\/\" target=\"_blank\" rel=\"noreferrer noopener\">Camille Pizza L\u00e8ze<\/a><br><\/strong>\u2013 les <a href=\"https:\/\/docs.google.com\/spreadsheets\/d\/1fe4l1z7sDX0ABq80V1L9ry03F_147qtoBs9UkNNduxw\/edit#gid=308839765\" target=\"_blank\" rel=\"noreferrer noopener\"><strong>chocolats<\/strong><\/a> de <strong><a href=\"https:\/\/le-gout-des-autres.net\/WordPress3\/chocolat-qui-leut-cru\/\" target=\"_blank\" rel=\"noreferrer noopener\">Merlin<\/a><br><\/strong>\u2013 les <a href=\"https:\/\/docs.google.com\/spreadsheets\/d\/1T_c84vBHRBeQM40JJRoxQgCzaQyxGULt3MWqy2ulxFU\/edit#gid=0\" target=\"_blank\" rel=\"noreferrer noopener\"><strong>champignons<\/strong><\/a> de <strong><a href=\"https:\/\/le-gout-des-autres.net\/WordPress3\/nicolas-fait-pousser-les-idees-comme-des-champignons\/\" target=\"_blank\" rel=\"noreferrer noopener\">Moussoune productions<\/a><\/strong>\u00a0<br>\u2013 les <strong><a href=\"https:\/\/docs.google.com\/spreadsheets\/d\/1gW4_htLGAP0xfzj2qKshIAIXn8E2c-MMIZ3m0iW5eHU\/edit#gid=0\" target=\"_blank\" rel=\"noreferrer noopener\">boissons v\u00e9g\u00e9tales<\/a><\/strong> de <strong><a href=\"https:\/\/le-gout-des-autres.net\/WordPress3\/la-barthe-ou-les-boissons-vegetales-prennent-racine\/\" target=\"_blank\" rel=\"noreferrer noopener\">Johanna<\/a><\/strong><br>\u2013 les <a href=\"https:\/\/docs.google.com\/spreadsheets\/d\/1wqDLXFFZXasSKoO8wpY7HvvVVk5P97T_nIUTZ908CvE\/edit#gid=522707866\" target=\"_blank\" rel=\"noreferrer noopener\"><strong>p\u00e2tes, huiles, farine, semoule, l\u00e9gumineuses<\/strong><\/a> de <a href=\"http:\/\/le-gout-des-autres.net\/WordPress3\/des-pates-oui-mais-des-biograneta\/\" target=\"_blank\" rel=\"noreferrer noopener\"><strong>Biograneta<\/strong><\/a><br>\u2013 le <strong><a href=\"https:\/\/docs.google.com\/spreadsheets\/d\/1DlgLxZGKB5RssxeCL-9SC18J8ZqCXtrV73HyEYiXf3c\/edit#gid=1966298712\" target=\"_blank\" rel=\"noreferrer noopener\">vin des Corbi\u00e8res<\/a><\/strong> de <strong><a href=\"http:\/\/le-gout-des-autres.net\/WordPress3\/le-vin-du-bonheur\/\" target=\"_blank\" rel=\"noreferrer noopener\">Fanny<\/a><\/strong><br>\u2013 les <strong><a href=\"https:\/\/docs.google.com\/spreadsheets\/d\/1dTbgCS1kmzeO176z23eI6Od3p51Ri_38-uIGwU0BGZs\/edit#gid=0\" target=\"_blank\" rel=\"noreferrer noopener\">semoules de couscous<\/a><\/strong> et <strong><a href=\"https:\/\/docs.google.com\/spreadsheets\/d\/1dTbgCS1kmzeO176z23eI6Od3p51Ri_38-uIGwU0BGZs\/edit#gid=0\" target=\"_blank\" rel=\"noreferrer noopener\">zemitta<\/a> <\/strong>de la <strong><a href=\"http:\/\/le-gout-des-autres.net\/WordPress3\/coop-de-femmes-du-moyen-atlas-marocain\/\" target=\"_blank\" rel=\"noreferrer noopener\">coop\u00e9rative f\u00e9minine Yamna<\/a><\/strong><br>\u2013 les <strong><a href=\"https:\/\/docs.google.com\/spreadsheets\/d\/1WVSLekKleQdyqFYHSZ3rRE0YnOGGqiXnUDjo4xulYN8\/edit?gid=1848802270#gid=1848802270\" target=\"_blank\" rel=\"noreferrer noopener\">pains et scroutilles<\/a><\/strong> de <a href=\"https:\/\/le-gout-des-autres.net\/WordPress3\/pain-dici-et-maintenant\/\" target=\"_blank\" rel=\"noreferrer noopener\"><strong>Magali d\u2019Ici et maintenant<\/strong><\/a><br>\u2013 les <strong><a href=\"https:\/\/docs.google.com\/spreadsheets\/d\/1uVdM0Fj9ZS95cfskbkuvxxYIo0jBuiPxFpuSZx1-UvU\/edit#gid=1392129248\" target=\"_blank\" rel=\"noreferrer noopener\">cosm\u00e9tiques<\/a><\/strong> et <strong><a href=\"https:\/\/docs.google.com\/spreadsheets\/d\/1uVdM0Fj9ZS95cfskbkuvxxYIo0jBuiPxFpuSZx1-UvU\/edit#gid=1392129248\" target=\"_blank\" rel=\"noreferrer noopener\">tisanes<\/a><\/strong> de <strong><a href=\"http:\/\/le-gout-des-autres.net\/WordPress3\/prenez-soin-de-vos-fesses\/\" target=\"_blank\" rel=\"noreferrer noopener\">Cameline<\/a><\/strong><br><br><\/p>\n","protected":false},"excerpt":{"rendered":"<p>Le march\u00e9 trimestriel du GdA aura lieu mardi 22 septembre au Vernet (31) ! Voici la liste des pr\u00e9-commandes ouvertes aux adh\u00e9rents de l\u2019association : \u2013 les confitures et gel\u00e9es de fruits rouges de la ferme des Matilous\u2013 les tomme et crottins de ch\u00e8vre de la Ferme de Mond\u00e9ly\u2013 les \u00e9pices, sauce tomate, chutney, ail &#8230;<br \/><a class=\"read-more-link btn btn-outline-secondary\" href=\"https:\/\/le-gout-des-autres.net\/WordPress3\/2026\/09\/commandes-ouvertes-pour-le-marche-du-22-septembre\/\">Lire la suite<\/a><\/p>\n","protected":false},"author":6,"featured_media":0,"comment_status":"closed","ping_status":"","sticky":false,"template":"","format":"standard","meta":{"footnotes":""},"categories":[19],"tags":[],"class_list":["post-10014","post","type-post","status-publish","format-standard","hentry","category-actualites"],"post_mailing_queue_ids":[],"_links":{"self":[{"href":"https:\/\/le-gout-des-autres.net\/WordPress3\/wp-json\/wp\/v2\/posts\/10014","targetHints":{"allow":["GET"]}}],"collection":[{"href":"https:\/\/le-gout-des-autres.net\/WordPress3\/wp-json\/wp\/v2\/posts"}],"about":[{"href":"https:\/\/le-gout-des-autres.net\/WordPress3\/wp-json\/wp\/v2\/types\/post"}],"author":[{"embeddable":true,"href":"https:\/\/le-gout-des-autres.net\/WordPress3\/wp-json\/wp\/v2\/users\/6"}],"replies":[{"embeddable":true,"href":"https:\/\/le-gout-des-autres.net\/WordPress3\/wp-json\/wp\/v2\/comments?post=10014"}],"version-history":[{"count":3,"href":"https:\/\/le-gout-des-autres.net\/WordPress3\/wp-json\/wp\/v2\/posts\/10014\/revisions"}],"predecessor-version":[{"id":10017,"href":"https:\/\/le-gout-des-autres.net\/WordPress3\/wp-json\/wp\/v2\/posts\/10014\/revisions\/10017"}],"wp:attachment":[{"href":"https:\/\/le-gout-des-autres.net\/WordPress3\/wp-json\/wp\/v2\/media?parent=10014"}],"wp:term":[{"taxonomy":"category","embeddable":true,"href":"https:\/\/le-gout-des-autres.net\/WordPress3\/wp-json\/wp\/v2\/categories?post=10014"},{"taxonomy":"post_tag","embeddable":true,"href":"https:\/\/le-gout-des-autres.net\/WordPress3\/wp-json\/wp\/v2\/tags?post=10014"}],"curies":[{"name":"wp","href":"https:\/\/api.w.org\/{rel}","templated":true}]}}